{"id":390,"date":"2020-04-04T11:24:17","date_gmt":"2020-04-04T11:24:17","guid":{"rendered":"https:\/\/guido-rosch.de\/?p=390"},"modified":"2020-04-04T11:24:19","modified_gmt":"2020-04-04T11:24:19","slug":"wieder-da","status":"publish","type":"post","link":"https:\/\/guido-rosch.de\/?p=390","title":{"rendered":"wieder da"},"content":{"rendered":"\n<p>Die Zeiten scheinen verr\u00fcckt. Alles scheint Kopf zu stehen. Die Sonne gl\u00e4nzt drau\u00dfen und strengt sich richtig an zu imponieren- und die meisten sitzen zu Hause und trauen sich kaum raus. Ich genie\u00dfe es ein wenig, weil die Welt einfach entschleunigt wirkt. Nichts scheint wirklich dringend zu sein, weil sich ja sowieso nichts bewegt. <\/p>\n\n\n\n<p>Das ist meine Zeit die Dinge neu zu ordnen, was ist mir wie sehr wichtig? Was brennt mir schon lange unter den Fingern\u00e4geln? Die letzten Tage hatte ich ja bereits Zeit, doch war alles so unwirklich, die F\u00fclle an Zeit f\u00fchlte sich fremd und sperrig an. Was ich alles machen k\u00f6nnte? Kann das wirklich sein? Und immer dieser Zweifel, was kann noch alles passieren? Werde ich wiedermal im Caf\u00e9 sitzen k\u00f6nnen?<\/p>\n\n\n\n<p>Gestern fand ich einen Artikel im Netz, dass die Grippewelle 2017\/ 18 viele tausend Tote in Deutschland forderte mit \u00fcber 180.000 infizierten. Mit anderen Worten ein Vielfaches von dem, was sich gerade abspielt. Ich bin keine Arzt und kein Virologe und doch scheint mir in der heutigen Kommunikation einiges \u00fcberzogen und nicht in der richtigen Art und Weise dargestellt. Ich f\u00fcr meine Teil finde es jetzt sehr entspannend, dass ich mir keinen Kopf mehr \u00fcber Covid19 machen muss. Aus der R\u00fcckw\u00e4rtsbetrachtung von vor zwei Jahren wei\u00df ich, dass sich 2022 nichts ge\u00e4ndert haben wird zu heute. Was mich allerdings betr\u00fcbt ist, dass auch jede Chance f\u00fcr einen Neuanfang von wichtigen Dingen vertan sein wird.<\/p>\n\n\n\n<p>Die Hoffnung stirbt zu letzt. Heute ein wenig besser sein als gestern. #moveon <\/p>\n","protected":false},"excerpt":{"rendered":"<p>Die Zeiten scheinen verr\u00fcckt. Alles scheint Kopf zu stehen. Die Sonne gl\u00e4nzt drau\u00dfen und strengt sich richtig an zu imponieren- und die meisten sitzen zu Hause und trauen sich kaum raus. Ich genie\u00dfe es ein wenig, weil die Welt einfach entschleunigt wirkt. Nichts scheint wirklich dringend zu sein, weil sich ja sowieso nichts bewegt. Das [&hellip;]<\/p>\n","protected":false},"author":1,"featured_media":0,"comment_status":"closed","ping_status":"closed","sticky":false,"template":"","format":"standard","meta":{"_et_pb_use_builder":"","_et_pb_old_content":""},"categories":[3],"tags":[],"_links":{"self":[{"href":"https:\/\/guido-rosch.de\/index.php?rest_route=\/wp\/v2\/posts\/390"}],"collection":[{"href":"https:\/\/guido-rosch.de\/index.php?rest_route=\/wp\/v2\/posts"}],"about":[{"href":"https:\/\/guido-rosch.de\/index.php?rest_route=\/wp\/v2\/types\/post"}],"author":[{"embeddable":true,"href":"https:\/\/guido-rosch.de\/index.php?rest_route=\/wp\/v2\/users\/1"}],"replies":[{"embeddable":true,"href":"https:\/\/guido-rosch.de\/index.php?rest_route=%2Fwp%2Fv2%2Fcomments&post=390"}],"version-history":[{"count":1,"href":"https:\/\/guido-rosch.de\/index.php?rest_route=\/wp\/v2\/posts\/390\/revisions"}],"predecessor-version":[{"id":391,"href":"https:\/\/guido-rosch.de\/index.php?rest_route=\/wp\/v2\/posts\/390\/revisions\/391"}],"wp:attachment":[{"href":"https:\/\/guido-rosch.de\/index.php?rest_route=%2Fwp%2Fv2%2Fmedia&parent=390"}],"wp:term":[{"taxonomy":"category","embeddable":true,"href":"https:\/\/guido-rosch.de\/index.php?rest_route=%2Fwp%2Fv2%2Fcategories&post=390"},{"taxonomy":"post_tag","embeddable":true,"href":"https:\/\/guido-rosch.de\/index.php?rest_route=%2Fwp%2Fv2%2Ftags&post=390"}],"curies":[{"name":"wp","href":"https:\/\/api.w.org\/{rel}","templated":true}]}}